{"id":74,"date":"2022-10-19T13:22:33","date_gmt":"2022-10-19T13:22:33","guid":{"rendered":"https:\/\/stjustetvacquieres.fr\/?p=74"},"modified":"2022-10-19T14:50:27","modified_gmt":"2022-10-19T14:50:27","slug":"7eme-journee-cochonaille","status":"publish","type":"post","link":"https:\/\/stjustetvacquieres.fr\/index.php\/2022\/10\/19\/7eme-journee-cochonaille\/","title":{"rendered":"7\u00e8me journ\u00e9e Cochonaille"},"content":{"rendered":"\n<p>Parpayus c\u00e9vennols <\/p>\n\n\n\n<p>Pour cette 7\u00e8me \u00e9dition, l&rsquo;association des Parpayus C\u00e9vennols \u00e9tait pr\u00eate aux aurores pour que tout soit pr\u00eat \u00e0 l&rsquo;heure du d\u00e9jeuner.<\/p>\n\n\n\n<p>Bravo \u00e0 eux pour leur organisation et leur acceuil.<\/p>\n\n\n\n<p>Toutes les photos sur leur profil Facebook:<\/p>\n\n\n\n<p><a href=\"https:\/\/www.facebook.com\/profile.php?id=100004988838870\" target=\"_blank\" rel=\"noopener\" title=\"\">https:\/\/www.facebook.com\/profile.php?id=100004988838870<\/a><\/p>\n\n\n\n<p><\/p>\n\n\n\n<figure class=\"is-layout-flex wp-block-gallery-1 wp-block-gallery has-nested-images columns-default is-cropped\">\n<figure class=\"wp-block-image size-large\"><img decoding=\"async\" loading=\"lazy\" width=\"8256\" height=\"5504\" data-id=\"92\"  src=\"https:\/\/stjustetvacquieres.fr\/wp-content\/uploads\/2022\/10\/DSC_3660.jpg\" alt=\"\" class=\"wp-image-92\"\/><\/figure>\n\n\n\n<figure class=\"wp-block-image size-large\"><img decoding=\"async\" loading=\"lazy\" width=\"2560\" height=\"1251\" data-id=\"76\"  src=\"https:\/\/stjustetvacquieres.fr\/wp-content\/uploads\/2022\/10\/DSC_3598-scaled.jpg\" alt=\"\" class=\"wp-image-76\" srcset=\"https:\/\/stjustetvacquieres.fr\/wp-content\/uploads\/2022\/10\/DSC_3598-scaled.jpg 2560w, https:\/\/stjustetvacquieres.fr\/wp-content\/uploads\/2022\/10\/DSC_3598-300x147.jpg 300w, https:\/\/stjustetvacquieres.fr\/wp-content\/uploads\/2022\/10\/DSC_3598-1024x500.jpg 1024w\" sizes=\"(max-width: 2560px) 100vw, 2560px\" \/><\/figure>\n<\/figure>\n","protected":false},"excerpt":{"rendered":"<p>Parpayus c\u00e9vennols Pour cette 7\u00e8me \u00e9dition, l&rsquo;association des Parpayus C\u00e9vennols \u00e9tait pr\u00eate aux aurores pour [&hellip;]<\/p>\n","protected":false},"author":1,"featured_media":0,"comment_status":"open","ping_status":"open","sticky":false,"template":"","format":"standard","meta":{"om_disable_all_campaigns":false,"_mi_skip_tracking":false},"categories":[16,17],"tags":[13,18,20,21,19],"aioseo_notices":[],"_links":{"self":[{"href":"https:\/\/stjustetvacquieres.fr\/index.php\/wp-json\/wp\/v2\/posts\/74"}],"collection":[{"href":"https:\/\/stjustetvacquieres.fr\/index.php\/wp-json\/wp\/v2\/posts"}],"about":[{"href":"https:\/\/stjustetvacquieres.fr\/index.php\/wp-json\/wp\/v2\/types\/post"}],"author":[{"embeddable":true,"href":"https:\/\/stjustetvacquieres.fr\/index.php\/wp-json\/wp\/v2\/users\/1"}],"replies":[{"embeddable":true,"href":"https:\/\/stjustetvacquieres.fr\/index.php\/wp-json\/wp\/v2\/comments?post=74"}],"version-history":[{"count":3,"href":"https:\/\/stjustetvacquieres.fr\/index.php\/wp-json\/wp\/v2\/posts\/74\/revisions"}],"predecessor-version":[{"id":94,"href":"https:\/\/stjustetvacquieres.fr\/index.php\/wp-json\/wp\/v2\/posts\/74\/revisions\/94"}],"wp:attachment":[{"href":"https:\/\/stjustetvacquieres.fr\/index.php\/wp-json\/wp\/v2\/media?parent=74"}],"wp:term":[{"taxonomy":"category","embeddable":true,"href":"https:\/\/stjustetvacquieres.fr\/index.php\/wp-json\/wp\/v2\/categories?post=74"},{"taxonomy":"post_tag","embeddable":true,"href":"https:\/\/stjustetvacquieres.fr\/index.php\/wp-json\/wp\/v2\/tags?post=74"}],"curies":[{"name":"wp","href":"https:\/\/api.w.org\/{rel}","templated":true}]}}