{"id":259,"date":"2024-01-03T13:47:48","date_gmt":"2024-01-03T13:47:48","guid":{"rendered":"https:\/\/stjustetvacquieres.fr\/?p=259"},"modified":"2024-01-03T13:47:48","modified_gmt":"2024-01-03T13:47:48","slug":"voeux-du-maire-2","status":"publish","type":"post","link":"https:\/\/stjustetvacquieres.fr\/index.php\/2024\/01\/03\/voeux-du-maire-2\/","title":{"rendered":"Voeux du maire"},"content":{"rendered":"\n<p>Le maire et le conseil municipal de saint Just et Vacqui\u00e8res vous souhaitent une bonne ann\u00e9e 2024 et vous invitent \u00e0 la c\u00e9r\u00e9monie des voeux le samedi 20 Janvier \u00e0 18h30, salle polyvalente.<\/p>\n\n\n\n<figure class=\"wp-block-image size-full\"><img decoding=\"async\" loading=\"lazy\" width=\"729\" height=\"309\" src=\"https:\/\/stjustetvacquieres.fr\/wp-content\/uploads\/2024\/01\/Capture-decran-2024-01-03-143815.png\" alt=\"\" class=\"wp-image-260\" srcset=\"https:\/\/stjustetvacquieres.fr\/wp-content\/uploads\/2024\/01\/Capture-decran-2024-01-03-143815.png 729w, https:\/\/stjustetvacquieres.fr\/wp-content\/uploads\/2024\/01\/Capture-decran-2024-01-03-143815-300x127.png 300w\" sizes=\"(max-width: 729px) 100vw, 729px\" \/><\/figure>\n","protected":false},"excerpt":{"rendered":"<p>Le maire et le conseil municipal de saint Just et Vacqui\u00e8res vous souhaitent une bonne [&hellip;]<\/p>\n","protected":false},"author":1,"featured_media":260,"comment_status":"open","ping_status":"open","sticky":false,"template":"","format":"standard","meta":{"om_disable_all_campaigns":false,"_mi_skip_tracking":false},"categories":[1],"tags":[61],"aioseo_notices":[],"_links":{"self":[{"href":"https:\/\/stjustetvacquieres.fr\/index.php\/wp-json\/wp\/v2\/posts\/259"}],"collection":[{"href":"https:\/\/stjustetvacquieres.fr\/index.php\/wp-json\/wp\/v2\/posts"}],"about":[{"href":"https:\/\/stjustetvacquieres.fr\/index.php\/wp-json\/wp\/v2\/types\/post"}],"author":[{"embeddable":true,"href":"https:\/\/stjustetvacquieres.fr\/index.php\/wp-json\/wp\/v2\/users\/1"}],"replies":[{"embeddable":true,"href":"https:\/\/stjustetvacquieres.fr\/index.php\/wp-json\/wp\/v2\/comments?post=259"}],"version-history":[{"count":1,"href":"https:\/\/stjustetvacquieres.fr\/index.php\/wp-json\/wp\/v2\/posts\/259\/revisions"}],"predecessor-version":[{"id":261,"href":"https:\/\/stjustetvacquieres.fr\/index.php\/wp-json\/wp\/v2\/posts\/259\/revisions\/261"}],"wp:featuredmedia":[{"embeddable":true,"href":"https:\/\/stjustetvacquieres.fr\/index.php\/wp-json\/wp\/v2\/media\/260"}],"wp:attachment":[{"href":"https:\/\/stjustetvacquieres.fr\/index.php\/wp-json\/wp\/v2\/media?parent=259"}],"wp:term":[{"taxonomy":"category","embeddable":true,"href":"https:\/\/stjustetvacquieres.fr\/index.php\/wp-json\/wp\/v2\/categories?post=259"},{"taxonomy":"post_tag","embeddable":true,"href":"https:\/\/stjustetvacquieres.fr\/index.php\/wp-json\/wp\/v2\/tags?post=259"}],"curies":[{"name":"wp","href":"https:\/\/api.w.org\/{rel}","templated":true}]}}