{"id":176,"date":"2022-12-09T21:36:17","date_gmt":"2022-12-09T21:36:17","guid":{"rendered":"https:\/\/stjustetvacquieres.fr\/?p=176"},"modified":"2022-12-09T21:54:21","modified_gmt":"2022-12-09T21:54:21","slug":"illuminations-des-fetes-de-fin-dannee","status":"publish","type":"post","link":"https:\/\/stjustetvacquieres.fr\/index.php\/2022\/12\/09\/illuminations-des-fetes-de-fin-dannee\/","title":{"rendered":"Illuminations des f\u00eates de fin d&rsquo;ann\u00e9e"},"content":{"rendered":"\n<p>Les d\u00e9corations de No\u00ebl ont retrouv\u00e9 leur place. Pendant tout le mois de D\u00e9cembre, elles vont illumin\u00e9es les rues.<\/p>\n\n\n\n<p>De jolies d\u00e9corations viennent orner les fen\u00eatres de la mairie. Merci \u00e0 Inna et ses talents de d\u00e9coratrice.<\/p>\n\n\n\n<figure class=\"is-layout-flex wp-block-gallery-1 wp-block-gallery has-nested-images columns-default is-cropped\">\n<figure class=\"wp-block-image size-large\"><img decoding=\"async\" loading=\"lazy\" width=\"2560\" height=\"1872\" data-id=\"173\"  src=\"https:\/\/stjustetvacquieres.fr\/wp-content\/uploads\/2022\/12\/DSC_7906-2-2-scaled.jpg\" alt=\"\" class=\"wp-image-173\" srcset=\"https:\/\/stjustetvacquieres.fr\/wp-content\/uploads\/2022\/12\/DSC_7906-2-2-scaled.jpg 2560w, https:\/\/stjustetvacquieres.fr\/wp-content\/uploads\/2022\/12\/DSC_7906-2-2-300x219.jpg 300w, https:\/\/stjustetvacquieres.fr\/wp-content\/uploads\/2022\/12\/DSC_7906-2-2-1024x749.jpg 1024w\" sizes=\"(max-width: 2560px) 100vw, 2560px\" \/><\/figure>\n\n\n\n<figure class=\"wp-block-image size-large\"><img decoding=\"async\" loading=\"lazy\" width=\"7746\" height=\"5504\" data-id=\"177\"  src=\"https:\/\/stjustetvacquieres.fr\/wp-content\/uploads\/2022\/12\/DSC_7896-3.jpg\" alt=\"\" class=\"wp-image-177\" srcset=\"https:\/\/stjustetvacquieres.fr\/wp-content\/uploads\/2022\/12\/DSC_7896-3.jpg 7746w, https:\/\/stjustetvacquieres.fr\/wp-content\/uploads\/2022\/12\/DSC_7896-3-300x213.jpg 300w, https:\/\/stjustetvacquieres.fr\/wp-content\/uploads\/2022\/12\/DSC_7896-3-1024x728.jpg 1024w, https:\/\/stjustetvacquieres.fr\/wp-content\/uploads\/2022\/12\/DSC_7896-3-768x546.jpg 768w\" sizes=\"(max-width: 7746px) 100vw, 7746px\" \/><\/figure>\n\n\n\n<figure class=\"wp-block-image size-large\"><img decoding=\"async\" loading=\"lazy\" width=\"8154\" height=\"4922\" data-id=\"180\"  src=\"https:\/\/stjustetvacquieres.fr\/wp-content\/uploads\/2022\/12\/DSC_7904-2.jpg\" alt=\"\" class=\"wp-image-180\"\/><\/figure>\n\n\n\n<figure class=\"wp-block-image size-large\"><img decoding=\"async\" data-id=\"182\"  src=\"https:\/\/stjustetvacquieres.fr\/wp-content\/uploads\/2022\/12\/DSC_7926.jpg\" alt=\"\" class=\"wp-image-182\"\/><\/figure>\n\n\n\n<figure class=\"wp-block-image size-large\"><img decoding=\"async\" loading=\"lazy\" width=\"7753\" height=\"5338\" data-id=\"183\"  src=\"https:\/\/stjustetvacquieres.fr\/wp-content\/uploads\/2022\/12\/DSC_7934-2.jpg\" alt=\"\" class=\"wp-image-183\" srcset=\"https:\/\/stjustetvacquieres.fr\/wp-content\/uploads\/2022\/12\/DSC_7934-2.jpg 7753w, https:\/\/stjustetvacquieres.fr\/wp-content\/uploads\/2022\/12\/DSC_7934-2-300x207.jpg 300w, https:\/\/stjustetvacquieres.fr\/wp-content\/uploads\/2022\/12\/DSC_7934-2-1024x705.jpg 1024w, https:\/\/stjustetvacquieres.fr\/wp-content\/uploads\/2022\/12\/DSC_7934-2-768x529.jpg 768w\" sizes=\"(max-width: 7753px) 100vw, 7753px\" \/><\/figure>\n<\/figure>\n","protected":false},"excerpt":{"rendered":"<p>Les d\u00e9corations de No\u00ebl ont retrouv\u00e9 leur place. Pendant tout le mois de D\u00e9cembre, elles [&hellip;]<\/p>\n","protected":false},"author":1,"featured_media":180,"comment_status":"open","ping_status":"open","sticky":false,"template":"","format":"standard","meta":{"om_disable_all_campaigns":false,"_mi_skip_tracking":false},"categories":[22,14],"tags":[13,43,39,41,42,40,38],"aioseo_notices":[],"_links":{"self":[{"href":"https:\/\/stjustetvacquieres.fr\/index.php\/wp-json\/wp\/v2\/posts\/176"}],"collection":[{"href":"https:\/\/stjustetvacquieres.fr\/index.php\/wp-json\/wp\/v2\/posts"}],"about":[{"href":"https:\/\/stjustetvacquieres.fr\/index.php\/wp-json\/wp\/v2\/types\/post"}],"author":[{"embeddable":true,"href":"https:\/\/stjustetvacquieres.fr\/index.php\/wp-json\/wp\/v2\/users\/1"}],"replies":[{"embeddable":true,"href":"https:\/\/stjustetvacquieres.fr\/index.php\/wp-json\/wp\/v2\/comments?post=176"}],"version-history":[{"count":1,"href":"https:\/\/stjustetvacquieres.fr\/index.php\/wp-json\/wp\/v2\/posts\/176\/revisions"}],"predecessor-version":[{"id":184,"href":"https:\/\/stjustetvacquieres.fr\/index.php\/wp-json\/wp\/v2\/posts\/176\/revisions\/184"}],"wp:featuredmedia":[{"embeddable":true,"href":"https:\/\/stjustetvacquieres.fr\/index.php\/wp-json\/wp\/v2\/media\/180"}],"wp:attachment":[{"href":"https:\/\/stjustetvacquieres.fr\/index.php\/wp-json\/wp\/v2\/media?parent=176"}],"wp:term":[{"taxonomy":"category","embeddable":true,"href":"https:\/\/stjustetvacquieres.fr\/index.php\/wp-json\/wp\/v2\/categories?post=176"},{"taxonomy":"post_tag","embeddable":true,"href":"https:\/\/stjustetvacquieres.fr\/index.php\/wp-json\/wp\/v2\/tags?post=176"}],"curies":[{"name":"wp","href":"https:\/\/api.w.org\/{rel}","templated":true}]}}