{"id":162,"date":"2022-11-17T15:38:57","date_gmt":"2022-11-17T15:38:57","guid":{"rendered":"https:\/\/stjustetvacquieres.fr\/?p=162"},"modified":"2023-01-07T16:05:20","modified_gmt":"2023-01-07T16:05:20","slug":"commemoration-11-novembre-2022","status":"publish","type":"post","link":"https:\/\/stjustetvacquieres.fr\/index.php\/2022\/11\/17\/commemoration-11-novembre-2022\/","title":{"rendered":"Comm\u00e9moration 11 Novembre 2022"},"content":{"rendered":"\n<p>Cette ann\u00e9e, \u00e0 Saint Just et Vacqui\u00e8res et partout en France, a lieu la comm\u00e9moration de l&rsquo;armistice de 1918.<\/p>\n\n\n\n<p>A cette occasion, les enfants de l&rsquo;\u00e9cole de Saint Just et Vacqui\u00e8res, dirig\u00e9s par leur institutrice, madame Muriel Balmelle, ont rendu hommage aux soldats d\u00e9c\u00e9d\u00e9s au service de la France lors de ce conflit. Les enfants, ainsi que toutes les personnes pr\u00e9sentes ont chant\u00e9 l&rsquo;hymne national. <\/p>\n\n\n\n<p>Mr le maire, Jean-Michel Burel, a \u00e9voqu\u00e9 les noms des soldats disparus au combat au cours de l&rsquo;ann\u00e9e \u00e9coul\u00e9e.<\/p>\n\n\n\n<p>Vous pouvez retrouver l&rsquo;int\u00e9gralit\u00e9 de cette lecture, via le lien ci-joint:<\/p>\n\n\n\n<p><a href=\"http:\/\/lhistoireenrafale.lunion.fr\/2022\/11\/10\/commemoration-du-11-novembre-le-message-de-sebastien-lecornu-et-patricia-miralles\/\" target=\"_blank\" rel=\"noopener\" title=\"\">http:\/\/lhistoireenrafale.lunion.fr\/2022\/11\/10\/commemoration-du-11-novembre-le-message-de-sebastien-lecornu-et-patricia-miralles\/<\/a><\/p>\n\n\n\n<p>Pour celles et ceux d\u00e9sireux d&rsquo;en savoir plus concernant la comm\u00e9moration du 11 Novembre, voici le lien vers le minist\u00e8re des arm\u00e9es qui a fait une publication : <a href=\"https:\/\/www.defense.gouv.fr\/sga\/actualites\/commemoration-victoire-paix-11-novembre-jour-anniversaire-larmistice-hommage-a-tous-morts-france\" target=\"_blank\" rel=\"noopener\" title=\"\">https:\/\/www.defense.gouv.fr\/sga\/actualites\/commemoration-victoire-paix-11-novembre-jour-anniversaire-larmistice-hommage-a-tous-morts-france<\/a><\/p>\n\n\n\n<p><\/p>\n\n\n\n<figure class=\"is-layout-flex wp-block-gallery-1 wp-block-gallery has-nested-images columns-default is-cropped\">\n<figure class=\"wp-block-image size-large\"><img decoding=\"async\" loading=\"lazy\" width=\"8256\" height=\"4315\" data-id=\"163\"  src=\"https:\/\/stjustetvacquieres.fr\/wp-content\/uploads\/2022\/11\/DSC_7408.jpg\" alt=\"\" class=\"wp-image-163\" srcset=\"https:\/\/stjustetvacquieres.fr\/wp-content\/uploads\/2022\/11\/DSC_7408.jpg 8256w, https:\/\/stjustetvacquieres.fr\/wp-content\/uploads\/2022\/11\/DSC_7408-300x157.jpg 300w, https:\/\/stjustetvacquieres.fr\/wp-content\/uploads\/2022\/11\/DSC_7408-1024x535.jpg 1024w, https:\/\/stjustetvacquieres.fr\/wp-content\/uploads\/2022\/11\/DSC_7408-768x401.jpg 768w\" sizes=\"(max-width: 8256px) 100vw, 8256px\" \/><\/figure>\n\n\n\n<figure class=\"wp-block-image size-large\"><img decoding=\"async\" loading=\"lazy\" width=\"2560\" height=\"2073\" data-id=\"164\"  src=\"https:\/\/stjustetvacquieres.fr\/wp-content\/uploads\/2022\/11\/DSC_7431-scaled.jpg\" alt=\"\" class=\"wp-image-164\" srcset=\"https:\/\/stjustetvacquieres.fr\/wp-content\/uploads\/2022\/11\/DSC_7431-scaled.jpg 2560w, https:\/\/stjustetvacquieres.fr\/wp-content\/uploads\/2022\/11\/DSC_7431-300x243.jpg 300w, https:\/\/stjustetvacquieres.fr\/wp-content\/uploads\/2022\/11\/DSC_7431-1024x829.jpg 1024w\" sizes=\"(max-width: 2560px) 100vw, 2560px\" \/><\/figure>\n<\/figure>\n\n\n\n<p><\/p>\n","protected":false},"excerpt":{"rendered":"<p>Cette ann\u00e9e, \u00e0 Saint Just et Vacqui\u00e8res et partout en France, a lieu la comm\u00e9moration [&hellip;]<\/p>\n","protected":false},"author":1,"featured_media":164,"comment_status":"open","ping_status":"open","sticky":false,"template":"","format":"standard","meta":{"om_disable_all_campaigns":false,"_mi_skip_tracking":false},"categories":[22,34],"tags":[13,35,37,36],"aioseo_notices":[],"_links":{"self":[{"href":"https:\/\/stjustetvacquieres.fr\/index.php\/wp-json\/wp\/v2\/posts\/162"}],"collection":[{"href":"https:\/\/stjustetvacquieres.fr\/index.php\/wp-json\/wp\/v2\/posts"}],"about":[{"href":"https:\/\/stjustetvacquieres.fr\/index.php\/wp-json\/wp\/v2\/types\/post"}],"author":[{"embeddable":true,"href":"https:\/\/stjustetvacquieres.fr\/index.php\/wp-json\/wp\/v2\/users\/1"}],"replies":[{"embeddable":true,"href":"https:\/\/stjustetvacquieres.fr\/index.php\/wp-json\/wp\/v2\/comments?post=162"}],"version-history":[{"count":1,"href":"https:\/\/stjustetvacquieres.fr\/index.php\/wp-json\/wp\/v2\/posts\/162\/revisions"}],"predecessor-version":[{"id":166,"href":"https:\/\/stjustetvacquieres.fr\/index.php\/wp-json\/wp\/v2\/posts\/162\/revisions\/166"}],"wp:featuredmedia":[{"embeddable":true,"href":"https:\/\/stjustetvacquieres.fr\/index.php\/wp-json\/wp\/v2\/media\/164"}],"wp:attachment":[{"href":"https:\/\/stjustetvacquieres.fr\/index.php\/wp-json\/wp\/v2\/media?parent=162"}],"wp:term":[{"taxonomy":"category","embeddable":true,"href":"https:\/\/stjustetvacquieres.fr\/index.php\/wp-json\/wp\/v2\/categories?post=162"},{"taxonomy":"post_tag","embeddable":true,"href":"https:\/\/stjustetvacquieres.fr\/index.php\/wp-json\/wp\/v2\/tags?post=162"}],"curies":[{"name":"wp","href":"https:\/\/api.w.org\/{rel}","templated":true}]}}